{"id":8662,"date":"2021-05-11T11:27:12","date_gmt":"2021-05-11T09:27:12","guid":{"rendered":"https:\/\/www.vetland.es\/?p=8662"},"modified":"2023-02-27T11:01:58","modified_gmt":"2023-02-27T10:01:58","slug":"como-proteger-a-tu-perro-de-la-procesionaria","status":"publish","type":"post","link":"https:\/\/www.clinicavetland.es\/ca\/como-proteger-a-tu-perro-de-la-procesionaria\/","title":{"rendered":"\u00bfCom protegir el teu gos de la procession\u00e0ria?"},"content":{"rendered":"<p><span class=\"style-scope yt-formatted-string\" dir=\"auto\">la reacci\u00f3 dels <\/span><strong>gossos<\/strong><span class=\"style-scope yt-formatted-string\" dir=\"auto\">\u200b<\/span><span class=\"style-scope yt-formatted-string\" dir=\"auto\"> al contacte amb la <\/span><strong>processon\u00e0ria<\/strong><span class=\"style-scope yt-formatted-string\" dir=\"auto\">\u200b<\/span><span class=\"style-scope yt-formatted-string\" dir=\"auto\"> els pot provocar tota mena de problemes a la pell i, en els casos m\u00e9s greus, fins i tot pot arribar a ser causa de mort per asf\u00edxia de l'animal. El nostre veterinari Marc de <a href=\"https:\/\/www.vetland.es\/clinica-veterinaria-sabadell-gracia\/\"><strong>Vetland Sabadell<\/strong><\/a> t'explica en aquest v\u00eddeo com evitar-ho i, el m\u00e9s important, qu\u00e8 has de fer si el teu gos hi entra en contacte.<\/span><\/p>\n<p><iframe loading=\"lazy\" title=\"C\u00f3mo proteger a tu perro de la procesionaria\" width=\"500\" height=\"281\" src=\"https:\/\/www.youtube.com\/embed\/b0A5kwLfyn4?feature=oembed\" frameborder=\"0\" allow=\"accelerometer; autoplay; clipboard-write; encrypted-media; gyroscope; picture-in-picture; web-share\" referrerpolicy=\"strict-origin-when-cross-origin\" allowfullscreen><\/iframe><\/p>\n<p>Subscriu-te al nostre <a href=\"https:\/\/www.youtube.com\/c\/EspecialidadesVeterinariasVetland\"><strong>canal de YouTube<\/strong><\/a> i no et perdis tots els nostres v\u00eddeos amb informaci\u00f3 i recomanacions dels nostres<strong> especialistes veterinaris<\/strong> per a cuidar de la salut de la teva <strong>mascota<\/strong>.<\/p>\n<!-- AddThis Advanced Settings generic via filter on the_content --><!-- AddThis Share Buttons generic via filter on the_content -->","protected":false},"excerpt":{"rendered":"<p>La reacci\u00f3 dels gossos al contacte amb la procession\u00e0ria pot provocar-los tota mena de problemes a la pell i, en els casos m\u00e9s greus, fins i tot pot arribar a ser causa de mort per asf\u00edxia de l\u2019animal.\n\nEl nostre veterinari Marc, de Vetland Sabadell, t\u2019explica en aquest v\u00eddeo com evitar-ho i, el m\u00e9s important, qu\u00e8\u2026<a href=\"https:\/\/www.clinicavetland.es\/ca\/como-proteger-a-tu-perro-de-la-procesionaria\/\">\u2026<\/a><!-- AddThis Advanced Settings generic via filter on get_the_excerpt --><!-- AddThis Share Buttons generic via filter on get_the_excerpt --><\/p>","protected":false},"author":12,"featured_media":0,"comment_status":"closed","ping_status":"open","sticky":false,"template":"","format":"standard","meta":{"_acf_changed":false,"footnotes":""},"categories":[1,150],"tags":[],"class_list":["post-8662","post","type-post","status-publish","format-standard","hentry","category-general","category-prevencion"],"acf":[],"yoast_head":"<!-- This site is optimized with the Yoast SEO plugin v27.0 - https:\/\/yoast.com\/product\/yoast-seo-wordpress\/ -->\n<title>\u00bfC\u00f3mo proteger a tu perro de la procesionaria? | Cl\u00ednica Veterinaria Cardedeu<\/title>\n<meta name=\"description\" content=\"La reacci\u00f3n de los perros\u200b al contacto con la procesionaria\u200b puede provocarles todo tipo de problemas en la piel y, en los casos m\u00e1s graves, incluso...\" \/>\n<meta name=\"robots\" content=\"index, follow, max-snippet:-1, max-image-preview:large, max-video-preview:-1\" \/>\n<link rel=\"canonical\" href=\"https:\/\/www.clinicavetland.es\/ca\/como-proteger-a-tu-perro-de-la-procesionaria\/\" \/>\n<meta property=\"og:locale\" content=\"ca_ES\" \/>\n<meta property=\"og:type\" content=\"article\" \/>\n<meta property=\"og:title\" content=\"\u00bfC\u00f3mo proteger a tu perro de la procesionaria? | Cl\u00ednica Veterinaria Cardedeu\" \/>\n<meta property=\"og:description\" content=\"La reacci\u00f3n de los perros\u200b al contacto con la procesionaria\u200b puede provocarles todo tipo de problemas en la piel y, en los casos m\u00e1s graves, incluso...\" \/>\n<meta property=\"og:url\" content=\"https:\/\/www.clinicavetland.es\/ca\/como-proteger-a-tu-perro-de-la-procesionaria\/\" \/>\n<meta property=\"og:site_name\" content=\"Cl\u00ednica Veterinaria Cardedeu\" \/>\n<meta property=\"article:publisher\" content=\"https:\/\/www.facebook.com\/especialidadesveterinariasvetland\" \/>\n<meta property=\"article:published_time\" content=\"2021-05-11T09:27:12+00:00\" \/>\n<meta property=\"article:modified_time\" content=\"2023-02-27T10:01:58+00:00\" \/>\n<meta name=\"author\" content=\"Cl\u00ednicas Veterinarias Vetland\" \/>\n<meta name=\"twitter:card\" content=\"summary_large_image\" \/>\n<meta name=\"twitter:label1\" content=\"Escrit per\" \/>\n\t<meta name=\"twitter:data1\" content=\"Cl\u00ednicas Veterinarias Vetland\" \/>\n\t<meta name=\"twitter:label2\" content=\"Temps estimat de lectura\" \/>\n\t<meta name=\"twitter:data2\" content=\"1 minut\" \/>\n<script type=\"application\/ld+json\" class=\"yoast-schema-graph\">{\"@context\":\"https:\/\/schema.org\",\"@graph\":[{\"@type\":\"Article\",\"@id\":\"https:\/\/www.clinicavetland.es\/como-proteger-a-tu-perro-de-la-procesionaria\/#article\",\"isPartOf\":{\"@id\":\"https:\/\/www.clinicavetland.es\/como-proteger-a-tu-perro-de-la-procesionaria\/\"},\"author\":{\"name\":\"Cl\u00ednicas Veterinarias Vetland\",\"@id\":\"https:\/\/www.clinicavetland.es\/#\/schema\/person\/aa9a0b1f5b1388b03ee8e45242cce573\"},\"headline\":\"\u00bfC\u00f3mo proteger a tu perro de la procesionaria?\",\"datePublished\":\"2021-05-11T09:27:12+00:00\",\"dateModified\":\"2023-02-27T10:01:58+00:00\",\"mainEntityOfPage\":{\"@id\":\"https:\/\/www.clinicavetland.es\/como-proteger-a-tu-perro-de-la-procesionaria\/\"},\"wordCount\":119,\"publisher\":{\"@id\":\"https:\/\/www.clinicavetland.es\/#organization\"},\"articleSection\":[\"General\",\"Prevenci\u00f3n\"],\"inLanguage\":\"ca\"},{\"@type\":\"WebPage\",\"@id\":\"https:\/\/www.clinicavetland.es\/como-proteger-a-tu-perro-de-la-procesionaria\/\",\"url\":\"https:\/\/www.clinicavetland.es\/como-proteger-a-tu-perro-de-la-procesionaria\/\",\"name\":\"\u00bfC\u00f3mo proteger a tu perro de la procesionaria? | Cl\u00ednica Veterinaria Cardedeu\",\"isPartOf\":{\"@id\":\"https:\/\/www.clinicavetland.es\/#website\"},\"datePublished\":\"2021-05-11T09:27:12+00:00\",\"dateModified\":\"2023-02-27T10:01:58+00:00\",\"description\":\"La reacci\u00f3n de los perros\u200b al contacto con la procesionaria\u200b puede provocarles todo tipo de problemas en la piel y, en los casos m\u00e1s graves, incluso...\",\"breadcrumb\":{\"@id\":\"https:\/\/www.clinicavetland.es\/como-proteger-a-tu-perro-de-la-procesionaria\/#breadcrumb\"},\"inLanguage\":\"ca\",\"potentialAction\":[{\"@type\":\"ReadAction\",\"target\":[\"https:\/\/www.clinicavetland.es\/como-proteger-a-tu-perro-de-la-procesionaria\/\"]}]},{\"@type\":\"BreadcrumbList\",\"@id\":\"https:\/\/www.clinicavetland.es\/como-proteger-a-tu-perro-de-la-procesionaria\/#breadcrumb\",\"itemListElement\":[{\"@type\":\"ListItem\",\"position\":1,\"name\":\"Portada\",\"item\":\"https:\/\/www.clinicavetland.es\/\"},{\"@type\":\"ListItem\",\"position\":2,\"name\":\"\u00bfC\u00f3mo proteger a tu perro de la procesionaria?\"}]},{\"@type\":\"WebSite\",\"@id\":\"https:\/\/www.clinicavetland.es\/#website\",\"url\":\"https:\/\/www.clinicavetland.es\/\",\"name\":\"Cl\u00ednica Vetland\",\"description\":\"Dejamos huella\",\"publisher\":{\"@id\":\"https:\/\/www.clinicavetland.es\/#organization\"},\"potentialAction\":[{\"@type\":\"SearchAction\",\"target\":{\"@type\":\"EntryPoint\",\"urlTemplate\":\"https:\/\/www.clinicavetland.es\/?s={search_term_string}\"},\"query-input\":{\"@type\":\"PropertyValueSpecification\",\"valueRequired\":true,\"valueName\":\"search_term_string\"}}],\"inLanguage\":\"ca\"},{\"@type\":\"Organization\",\"@id\":\"https:\/\/www.clinicavetland.es\/#organization\",\"name\":\"Cl\u00ednica Vetland\",\"url\":\"https:\/\/www.clinicavetland.es\/\",\"logo\":{\"@type\":\"ImageObject\",\"inLanguage\":\"ca\",\"@id\":\"https:\/\/www.clinicavetland.es\/#\/schema\/logo\/image\/\",\"url\":\"https:\/\/www.clinicavetland.es\/wp-content\/uploads\/2020\/03\/Logotipo-Vetland-color.png\",\"contentUrl\":\"https:\/\/www.clinicavetland.es\/wp-content\/uploads\/2020\/03\/Logotipo-Vetland-color.png\",\"width\":1001,\"height\":392,\"caption\":\"Cl\u00ednica Vetland\"},\"image\":{\"@id\":\"https:\/\/www.clinicavetland.es\/#\/schema\/logo\/image\/\"},\"sameAs\":[\"https:\/\/www.facebook.com\/especialidadesveterinariasvetland\",\"https:\/\/instagram.com\/vetland_\/\",\"https:\/\/linkedin.com\/company\/clinicavetland\"]},{\"@type\":\"Person\",\"@id\":\"https:\/\/www.clinicavetland.es\/#\/schema\/person\/aa9a0b1f5b1388b03ee8e45242cce573\",\"name\":\"Cl\u00ednicas Veterinarias Vetland\",\"image\":{\"@type\":\"ImageObject\",\"inLanguage\":\"ca\",\"@id\":\"https:\/\/www.clinicavetland.es\/#\/schema\/person\/image\/\",\"url\":\"https:\/\/secure.gravatar.com\/avatar\/37da9a49fd3fee4cb266e871f1d886825f3935c0b22030c0ffd2689253f156bd?s=96&d=mm&r=g\",\"contentUrl\":\"https:\/\/secure.gravatar.com\/avatar\/37da9a49fd3fee4cb266e871f1d886825f3935c0b22030c0ffd2689253f156bd?s=96&d=mm&r=g\",\"caption\":\"Cl\u00ednicas Veterinarias Vetland\"}}]}<\/script>\n<!-- \/ Yoast SEO plugin. -->","yoast_head_json":{"title":"\u00bfC\u00f3mo proteger a tu perro de la procesionaria? | Cl\u00ednica Veterinaria Cardedeu","description":"La reacci\u00f3n de los perros\u200b al contacto con la procesionaria\u200b puede provocarles todo tipo de problemas en la piel y, en los casos m\u00e1s graves, incluso...","robots":{"index":"index","follow":"follow","max-snippet":"max-snippet:-1","max-image-preview":"max-image-preview:large","max-video-preview":"max-video-preview:-1"},"canonical":"https:\/\/www.clinicavetland.es\/ca\/como-proteger-a-tu-perro-de-la-procesionaria\/","og_locale":"ca_ES","og_type":"article","og_title":"\u00bfC\u00f3mo proteger a tu perro de la procesionaria? | Cl\u00ednica Veterinaria Cardedeu","og_description":"La reacci\u00f3n de los perros\u200b al contacto con la procesionaria\u200b puede provocarles todo tipo de problemas en la piel y, en los casos m\u00e1s graves, incluso...","og_url":"https:\/\/www.clinicavetland.es\/ca\/como-proteger-a-tu-perro-de-la-procesionaria\/","og_site_name":"Cl\u00ednica Veterinaria Cardedeu","article_publisher":"https:\/\/www.facebook.com\/especialidadesveterinariasvetland","article_published_time":"2021-05-11T09:27:12+00:00","article_modified_time":"2023-02-27T10:01:58+00:00","author":"Cl\u00ednicas Veterinarias Vetland","twitter_card":"summary_large_image","twitter_misc":{"Escrit per":"Cl\u00ednicas Veterinarias Vetland","Temps estimat de lectura":"1 minut"},"schema":{"@context":"https:\/\/schema.org","@graph":[{"@type":"Article","@id":"https:\/\/www.clinicavetland.es\/como-proteger-a-tu-perro-de-la-procesionaria\/#article","isPartOf":{"@id":"https:\/\/www.clinicavetland.es\/como-proteger-a-tu-perro-de-la-procesionaria\/"},"author":{"name":"Cl\u00ednicas Veterinarias Vetland","@id":"https:\/\/www.clinicavetland.es\/#\/schema\/person\/aa9a0b1f5b1388b03ee8e45242cce573"},"headline":"\u00bfC\u00f3mo proteger a tu perro de la procesionaria?","datePublished":"2021-05-11T09:27:12+00:00","dateModified":"2023-02-27T10:01:58+00:00","mainEntityOfPage":{"@id":"https:\/\/www.clinicavetland.es\/como-proteger-a-tu-perro-de-la-procesionaria\/"},"wordCount":119,"publisher":{"@id":"https:\/\/www.clinicavetland.es\/#organization"},"articleSection":["General","Prevenci\u00f3n"],"inLanguage":"ca"},{"@type":"WebPage","@id":"https:\/\/www.clinicavetland.es\/como-proteger-a-tu-perro-de-la-procesionaria\/","url":"https:\/\/www.clinicavetland.es\/como-proteger-a-tu-perro-de-la-procesionaria\/","name":"\u00bfC\u00f3mo proteger a tu perro de la procesionaria? | Cl\u00ednica Veterinaria Cardedeu","isPartOf":{"@id":"https:\/\/www.clinicavetland.es\/#website"},"datePublished":"2021-05-11T09:27:12+00:00","dateModified":"2023-02-27T10:01:58+00:00","description":"La reacci\u00f3n de los perros\u200b al contacto con la procesionaria\u200b puede provocarles todo tipo de problemas en la piel y, en los casos m\u00e1s graves, incluso...","breadcrumb":{"@id":"https:\/\/www.clinicavetland.es\/como-proteger-a-tu-perro-de-la-procesionaria\/#breadcrumb"},"inLanguage":"ca","potentialAction":[{"@type":"ReadAction","target":["https:\/\/www.clinicavetland.es\/como-proteger-a-tu-perro-de-la-procesionaria\/"]}]},{"@type":"BreadcrumbList","@id":"https:\/\/www.clinicavetland.es\/como-proteger-a-tu-perro-de-la-procesionaria\/#breadcrumb","itemListElement":[{"@type":"ListItem","position":1,"name":"Portada","item":"https:\/\/www.clinicavetland.es\/"},{"@type":"ListItem","position":2,"name":"\u00bfC\u00f3mo proteger a tu perro de la procesionaria?"}]},{"@type":"WebSite","@id":"https:\/\/www.clinicavetland.es\/#website","url":"https:\/\/www.clinicavetland.es\/","name":"Cl\u00ednica Vetland","description":"Dejamos huella","publisher":{"@id":"https:\/\/www.clinicavetland.es\/#organization"},"potentialAction":[{"@type":"SearchAction","target":{"@type":"EntryPoint","urlTemplate":"https:\/\/www.clinicavetland.es\/?s={search_term_string}"},"query-input":{"@type":"PropertyValueSpecification","valueRequired":true,"valueName":"search_term_string"}}],"inLanguage":"ca"},{"@type":"Organization","@id":"https:\/\/www.clinicavetland.es\/#organization","name":"Cl\u00ednica Vetland","url":"https:\/\/www.clinicavetland.es\/","logo":{"@type":"ImageObject","inLanguage":"ca","@id":"https:\/\/www.clinicavetland.es\/#\/schema\/logo\/image\/","url":"https:\/\/www.clinicavetland.es\/wp-content\/uploads\/2020\/03\/Logotipo-Vetland-color.png","contentUrl":"https:\/\/www.clinicavetland.es\/wp-content\/uploads\/2020\/03\/Logotipo-Vetland-color.png","width":1001,"height":392,"caption":"Cl\u00ednica Vetland"},"image":{"@id":"https:\/\/www.clinicavetland.es\/#\/schema\/logo\/image\/"},"sameAs":["https:\/\/www.facebook.com\/especialidadesveterinariasvetland","https:\/\/instagram.com\/vetland_\/","https:\/\/linkedin.com\/company\/clinicavetland"]},{"@type":"Person","@id":"https:\/\/www.clinicavetland.es\/#\/schema\/person\/aa9a0b1f5b1388b03ee8e45242cce573","name":"Cl\u00ednicas Veterinarias Vetland","image":{"@type":"ImageObject","inLanguage":"ca","@id":"https:\/\/www.clinicavetland.es\/#\/schema\/person\/image\/","url":"https:\/\/secure.gravatar.com\/avatar\/37da9a49fd3fee4cb266e871f1d886825f3935c0b22030c0ffd2689253f156bd?s=96&d=mm&r=g","contentUrl":"https:\/\/secure.gravatar.com\/avatar\/37da9a49fd3fee4cb266e871f1d886825f3935c0b22030c0ffd2689253f156bd?s=96&d=mm&r=g","caption":"Cl\u00ednicas Veterinarias Vetland"}}]}},"_links":{"self":[{"href":"https:\/\/www.clinicavetland.es\/ca\/wp-json\/wp\/v2\/posts\/8662","targetHints":{"allow":["GET"]}}],"collection":[{"href":"https:\/\/www.clinicavetland.es\/ca\/wp-json\/wp\/v2\/posts"}],"about":[{"href":"https:\/\/www.clinicavetland.es\/ca\/wp-json\/wp\/v2\/types\/post"}],"author":[{"embeddable":true,"href":"https:\/\/www.clinicavetland.es\/ca\/wp-json\/wp\/v2\/users\/12"}],"replies":[{"embeddable":true,"href":"https:\/\/www.clinicavetland.es\/ca\/wp-json\/wp\/v2\/comments?post=8662"}],"version-history":[{"count":2,"href":"https:\/\/www.clinicavetland.es\/ca\/wp-json\/wp\/v2\/posts\/8662\/revisions"}],"predecessor-version":[{"id":8664,"href":"https:\/\/www.clinicavetland.es\/ca\/wp-json\/wp\/v2\/posts\/8662\/revisions\/8664"}],"wp:attachment":[{"href":"https:\/\/www.clinicavetland.es\/ca\/wp-json\/wp\/v2\/media?parent=8662"}],"wp:term":[{"taxonomy":"category","embeddable":true,"href":"https:\/\/www.clinicavetland.es\/ca\/wp-json\/wp\/v2\/categories?post=8662"},{"taxonomy":"post_tag","embeddable":true,"href":"https:\/\/www.clinicavetland.es\/ca\/wp-json\/wp\/v2\/tags?post=8662"}],"curies":[{"name":"wp","href":"https:\/\/api.w.org\/{rel}","templated":true}]}}