{"id":2742,"date":"2018-07-30T15:06:35","date_gmt":"2018-07-30T13:06:35","guid":{"rendered":"https:\/\/www.vetland.es\/?p=2742\/"},"modified":"2023-02-27T11:02:46","modified_gmt":"2023-02-27T10:02:46","slug":"como-afecta-perro-tos-de-las-perreras","status":"publish","type":"post","link":"https:\/\/www.clinicavetland.es\/ca\/como-afecta-perro-tos-de-las-perreras\/","title":{"rendered":"\u00bfC\u00f3mo afecta a tu perro la tos de las perreras?"},"content":{"rendered":"<p><span style=\"font-weight: 400;\">Durante todo el a\u00f1o, y especialmente en verano, existe un fen\u00f3meno que se da con mucha frecuencia en muchos perros: <\/span><b>la tos de las perreras<\/b><span style=\"font-weight: 400;\">. Este trastorno, tambi\u00e9n conocido como <\/span>traqueobronquitis infecciosa canina<span style=\"font-weight: 400;\">, recibe este nombre porque se diagnostica habitualmente en perros que conviven en colectivos caninos, como pueden ser las perreras, las residencias caninas, entre otros.<\/span><\/p>\n<p>&nbsp;<\/p>\n<h2>\u00bfQu\u00e9 es?<\/h2>\n<p><span style=\"font-weight: 400;\">La tos de las perreras <\/span><b>es una enfermedad que puede ser causada por varios<\/b> <b>agentes v\u00edricos<\/b><span style=\"font-weight: 400;\">, tales como el virus de la parainfluenza canina (CPiV) y <\/span><b>microorganismos bacterianos<\/b><span style=\"font-weight: 400;\">, como la Bordetella bronchiseptica. Afecta a las v\u00edas respiratorias superiores, principalmente a la laringe y la tr\u00e1quea, donde los microorganismos act\u00faan no solo debilitando el sistema inmune del perro para hacerlo m\u00e1s susceptible, sino que tambi\u00e9n atacando a las c\u00e9lulas situadas en su sistema respiratorio.<\/span><\/p>\n<p><span style=\"font-weight: 400;\">A pesar de que no es un trastorno grave en la mayor\u00eda de perros, <\/span><b>es extremadamente contagioso<\/b><span style=\"font-weight: 400;\"> y los lugares donde se concentran un n\u00famero considerable de estos favorecen a que se contraiga con mayor facilidad. No obstante, <\/span><b>se debe tratar con efectividad para erradicarla con el menor tiempo <\/b><span style=\"font-weight: 400;\"><strong>posible<\/strong> y as\u00ed evitar posibles complicaciones, no demasiado usuales, que se pueden dar en cachorros y perros geri\u00e1tricos o inmunocomprometidos, as\u00ed como las razas e individuos con problemas respiratorios previos.<\/span><\/p>\n<p>&nbsp;<\/p>\n<h2>\u00bfCu\u00e1les son los s\u00edntomas principales?<\/h2>\n<p><span style=\"font-weight: 400;\">Los s\u00edntomas m\u00e1s comunes que presentan los perros afectados por esta enfermedad son, b\u00e1sicamente:<\/span><\/p>\n<h3>1. Tos seca:<\/h3>\n<p><span style=\"font-weight: 400;\">Es el s\u00edntoma m\u00e1s caracter\u00edstico e inc\u00f3modo para los perros, y se define por ser una tos constante y persistente, que se puede describir como un sonido que recuerda a una bocina. Algunos perros pueden experimentar ataques de tos de pocos minutos y otros pueden toser constantemente mientras realizan sus actividades diarias.<\/span><\/p>\n<h3>2. Secreci\u00f3n ocular y nasal:<\/h3>\n<p><span style=\"font-weight: 400;\">Otro s\u00edntoma com\u00fan de la tos de las perreras es la secreci\u00f3n, afectando a dos zonas principales: la nariz, causando que esta moquee y se produzcan estornudos, y los ojos, provocando secreci\u00f3n ocular y hasta conjuntivitis.<\/span><\/p>\n<h3>3. Inactividad:<\/h3>\n<p><span style=\"font-weight: 400;\">Por \u00faltimo, la falta de energ\u00eda y cansancio general, junto con la p\u00e9rdida del apetito, tambi\u00e9n puede llegar a manifestarse en un perro que posea la tos de las perreras.<\/span><\/p>\n<p>&nbsp;<\/p>\n<p><span style=\"font-weight: 400;\">Adem\u00e1s, se pueden llegar a dar otros s\u00edntomas en menor grado como, por ejemplo: problemas para dormir, fiebre, entre otros.<\/span><\/p>\n<p>&nbsp;<\/p>\n<h2>\u00bfC\u00f3mo se debe tratar?<\/h2>\n<p><span style=\"font-weight: 400;\"><strong>La mayor\u00eda de los perros que contraen la tos de las perreras acostumbran a recuperarse en un per\u00edodo de tiempo que va desde las 2 semanas hasta 1 mes<\/strong>. Por otro lado, en los casos aislados de cachorros y perros geri\u00e1tricos o inmunocomprometidos, entre otros, la enfermedad puede tener una duraci\u00f3n que va m\u00e1s all\u00e1 de los 6 meses, as\u00ed como complicaciones secundarias que pueden llegar a ser graves.<\/span><\/p>\n<p><span style=\"font-weight: 400;\">Es muy importante que, si tu perro est\u00e1 pasando por este proceso, no tenga contacto directo con otros perros hasta, como m\u00ednimo, 10 d\u00edas despu\u00e9s del \u00faltimo episodio de tos, o bien, el per\u00edodo de tiempo que indique tu veterinario. Asimismo, tampoco debe beber de fuentes p\u00fablicas o bebederos comunes, de modo que se evite propagar la enfermedad, ya que es altamente infecciosa.<\/span><\/p>\n<p><span style=\"font-weight: 400;\">La tos de las perreras <strong>puede ser diagnosticada por un veterinario mediante una exploraci\u00f3n minuciosa en consulta y cultivos de las secreciones<\/strong> y, generalmente, la enfermedad sigue su curso hasta que el perro consigue recuperarse por s\u00ed mismo. Sin embargo, existen varias opciones farmacol\u00f3gicas y naturales para el tratamiento de esta enfermedad, tales como: medicaci\u00f3n a base de antiinflamatorios, vitaminas, humificadores, reposo, etc.\u00a0<\/span><\/p>\n<p><span style=\"font-weight: 400;\">Cabe destacar que, aunque antes era bastante com\u00fan, actualmente <strong>ya no est\u00e1 recomendada la administraci\u00f3n de antibi\u00f3ticos para tratar la tos de las perrera<\/strong>s, a no ser que se presenten signos espec\u00edficos e inusuales como, por ejemplo: fiebre, secreciones purulentas, complicaciones anal\u00edticas a nivel pulmonar o sobrecrecimiento bacteriano.<\/span><\/p>\n<p><span style=\"font-weight: 400;\">Adem\u00e1s, desde Vetland recomendamos una serie de <strong>pr\u00e1cticas a realizar<\/strong>, empezando por no forzarlos a realizar ejercicio, mantener una buena alimentaci\u00f3n canina e hidrataci\u00f3n, evitar cambios bruscos de temperatura y corrientes de aire y, sobre todo, siempre<\/span><a href=\"https:\/\/www.vetland.es\/consultorio-veterinario-online\/\"> <b>consultar cualquier tipo de tratamiento<\/b><\/a><span style=\"font-weight: 400;\"> previamente con tu m\u00e9dico veterinario especializado.<\/span><\/p>\n<p>&nbsp;<\/p>\n<h2>\u00bfC\u00f3mo puedo prevenir que mi perro se contagie de la tos de las perreras?<\/h2>\n<p><span style=\"font-weight: 400;\"><strong>La mejor manera de prevenir la tos de las perreras es mediante la vacunaci\u00f3n y el cumplimiento del recordatorio anual<\/strong>, es decir, es imprescindible poner una vacuna nueva cada a\u00f1o para que haga efecto. Normalmente, se suele vacunar al perro desde cachorro, pero no es indispensable, puesto que los perros que no hayan sido vacunados desde peque\u00f1os pueden comenzar a cualquier edad.<\/span><\/p>\n<p><span style=\"font-weight: 400;\">Aunque la efectividad completa de la vacuna no est\u00e9 asegurada,<strong> las posibilidades de contagio se reducen a niveles muy bajos<\/strong>, por lo que es totalmente recomendable vacunar a nuestros perros. Igualmente, tambi\u00e9n existen sencillas pautas a seguir, a parte de la vacunaci\u00f3n, para evitar que se contraiga dicha infecci\u00f3n: evitar el contacto directo con perros infectados o con lugares p\u00fablicos no aseados, elegir residencias caninas con precauci\u00f3n y<\/span> establecer visitas regulares con el veterinario.<\/p>\n<p><span style=\"font-weight: 400;\">De igual manera, recomendamos que, en los casos que sea necesario dejar a vuestro perro en una residencia canina, os asegur\u00e9is de que esta exige la vacunaci\u00f3n de la tos de perreras, mediante la cual se reduce la posibilidad de contagio en un 95%.<\/span><\/p>\n<h4><\/h4>\n<p>&nbsp;<\/p>\n<p><b>Proteger la salud de tu perro es la clave para disfrutar del bienestar de tu fam\u00edlia.<\/b> <b>As\u00ed pues, \u00a1no dudes en <\/b><b>visitar cualquiera de nuestros centros o escribirnos<\/b><b> para obtener m\u00e1s informaci\u00f3n sobre las tos de las perreras!\u00a0<\/b><\/p>\n<p>&nbsp;<\/p>\n<p><strong>Recuerda: <a href=\"https:\/\/www.vetland.es\/centros\/\">pregunta por la vacuna de tos de perreras a tu veterinario si tu perro es cachorro<\/a>, geri\u00e1trico, tiene otros problemas pulmonares, es una raza con dificultad respiratoria (bulldog, carlino&#8230;) o va a pasar temporadas en residencias caninas.<\/strong><\/p>\n<p>&nbsp;<\/p>\n<!-- AddThis Advanced Settings generic via filter on the_content --><!-- AddThis Share Buttons generic via filter on the_content -->","protected":false},"excerpt":{"rendered":"<p>Durante todo el a\u00f1o, y especialmente en verano, existe un fen\u00f3meno que se da con mucha frecuencia en muchos perros: la tos de las perreras. Este trastorno, tambi\u00e9n conocido como traqueobronquitis infecciosa canina, recibe este nombre porque se diagnostica habitualmente en perros que conviven en colectivos caninos, como pueden ser las perreras, las residencias caninas,<a href=\"https:\/\/www.clinicavetland.es\/ca\/como-afecta-perro-tos-de-las-perreras\/\">\u2026<\/a><!-- AddThis Advanced Settings generic via filter on get_the_excerpt --><!-- AddThis Share Buttons generic via filter on get_the_excerpt --><\/p>","protected":false},"author":12,"featured_media":2743,"comment_status":"closed","ping_status":"open","sticky":false,"template":"","format":"standard","meta":{"_acf_changed":false,"footnotes":""},"categories":[1],"tags":[],"class_list":["post-2742","post","type-post","status-publish","format-standard","has-post-thumbnail","hentry","category-general"],"acf":[],"yoast_head":"<!-- This site is optimized with the Yoast SEO plugin v27.0 - https:\/\/yoast.com\/product\/yoast-seo-wordpress\/ -->\n<title>\u00bfC\u00f3mo afecta a tu perro la tos de las perreras? | Blog | Vetland<\/title>\n<meta name=\"description\" content=\"Desde Vetland, te contamos todo lo que necesitas saber acerca de una enfermedad muy com\u00fan en los perros, conocida como la tos de las perreras. Proteger la salud de tu perro es la clave para disfrutar del bienestar de tu familia.\" \/>\n<meta name=\"robots\" content=\"index, follow, max-snippet:-1, max-image-preview:large, max-video-preview:-1\" \/>\n<link rel=\"canonical\" href=\"https:\/\/www.clinicavetland.es\/ca\/como-afecta-perro-tos-de-las-perreras\/\" \/>\n<meta property=\"og:locale\" content=\"ca_ES\" \/>\n<meta property=\"og:type\" content=\"article\" \/>\n<meta property=\"og:title\" content=\"\u00bfC\u00f3mo afecta a tu perro la tos de las perreras? | Blog | Vetland\" \/>\n<meta property=\"og:description\" content=\"Desde Vetland, te contamos todo lo que necesitas saber acerca de una enfermedad muy com\u00fan en los perros, conocida como la tos de las perreras. Proteger la salud de tu perro es la clave para disfrutar del bienestar de tu familia.\" \/>\n<meta property=\"og:url\" content=\"https:\/\/www.clinicavetland.es\/ca\/como-afecta-perro-tos-de-las-perreras\/\" \/>\n<meta property=\"og:site_name\" content=\"Cl\u00ednica Veterinaria Cardedeu\" \/>\n<meta property=\"article:publisher\" content=\"https:\/\/www.facebook.com\/especialidadesveterinariasvetland\" \/>\n<meta property=\"article:published_time\" content=\"2018-07-30T13:06:35+00:00\" \/>\n<meta property=\"article:modified_time\" content=\"2023-02-27T10:02:46+00:00\" \/>\n<meta property=\"og:image\" content=\"https:\/\/www.clinicavetland.es\/wp-content\/uploads\/2018\/07\/WhatsApp-Image-2018-07-30-at-13.59.59.jpeg\" \/>\n\t<meta property=\"og:image:width\" content=\"1600\" \/>\n\t<meta property=\"og:image:height\" content=\"1109\" \/>\n\t<meta property=\"og:image:type\" content=\"image\/jpeg\" \/>\n<meta name=\"author\" content=\"Cl\u00ednicas Veterinarias Vetland\" \/>\n<meta name=\"twitter:card\" content=\"summary_large_image\" \/>\n<meta name=\"twitter:label1\" content=\"Escrit per\" \/>\n\t<meta name=\"twitter:data1\" content=\"Cl\u00ednicas Veterinarias Vetland\" \/>\n\t<meta name=\"twitter:label2\" content=\"Temps estimat de lectura\" \/>\n\t<meta name=\"twitter:data2\" content=\"5 minuts\" \/>\n<script type=\"application\/ld+json\" class=\"yoast-schema-graph\">{\"@context\":\"https:\/\/schema.org\",\"@graph\":[{\"@type\":\"Article\",\"@id\":\"https:\/\/www.clinicavetland.es\/como-afecta-perro-tos-de-las-perreras\/#article\",\"isPartOf\":{\"@id\":\"https:\/\/www.clinicavetland.es\/como-afecta-perro-tos-de-las-perreras\/\"},\"author\":{\"name\":\"Cl\u00ednicas Veterinarias Vetland\",\"@id\":\"https:\/\/www.clinicavetland.es\/#\/schema\/person\/aa9a0b1f5b1388b03ee8e45242cce573\"},\"headline\":\"\u00bfC\u00f3mo afecta a tu perro la tos de las perreras?\",\"datePublished\":\"2018-07-30T13:06:35+00:00\",\"dateModified\":\"2023-02-27T10:02:46+00:00\",\"mainEntityOfPage\":{\"@id\":\"https:\/\/www.clinicavetland.es\/como-afecta-perro-tos-de-las-perreras\/\"},\"wordCount\":1025,\"publisher\":{\"@id\":\"https:\/\/www.clinicavetland.es\/#organization\"},\"image\":{\"@id\":\"https:\/\/www.clinicavetland.es\/como-afecta-perro-tos-de-las-perreras\/#primaryimage\"},\"thumbnailUrl\":\"https:\/\/www.clinicavetland.es\/wp-content\/uploads\/2018\/07\/WhatsApp-Image-2018-07-30-at-13.59.59.jpeg\",\"articleSection\":[\"General\"],\"inLanguage\":\"ca\"},{\"@type\":\"WebPage\",\"@id\":\"https:\/\/www.clinicavetland.es\/como-afecta-perro-tos-de-las-perreras\/\",\"url\":\"https:\/\/www.clinicavetland.es\/como-afecta-perro-tos-de-las-perreras\/\",\"name\":\"\u00bfC\u00f3mo afecta a tu perro la tos de las perreras? | Blog | Vetland\",\"isPartOf\":{\"@id\":\"https:\/\/www.clinicavetland.es\/#website\"},\"primaryImageOfPage\":{\"@id\":\"https:\/\/www.clinicavetland.es\/como-afecta-perro-tos-de-las-perreras\/#primaryimage\"},\"image\":{\"@id\":\"https:\/\/www.clinicavetland.es\/como-afecta-perro-tos-de-las-perreras\/#primaryimage\"},\"thumbnailUrl\":\"https:\/\/www.clinicavetland.es\/wp-content\/uploads\/2018\/07\/WhatsApp-Image-2018-07-30-at-13.59.59.jpeg\",\"datePublished\":\"2018-07-30T13:06:35+00:00\",\"dateModified\":\"2023-02-27T10:02:46+00:00\",\"description\":\"Desde Vetland, te contamos todo lo que necesitas saber acerca de una enfermedad muy com\u00fan en los perros, conocida como la tos de las perreras. Proteger la salud de tu perro es la clave para disfrutar del bienestar de tu familia.\",\"breadcrumb\":{\"@id\":\"https:\/\/www.clinicavetland.es\/como-afecta-perro-tos-de-las-perreras\/#breadcrumb\"},\"inLanguage\":\"ca\",\"potentialAction\":[{\"@type\":\"ReadAction\",\"target\":[\"https:\/\/www.clinicavetland.es\/como-afecta-perro-tos-de-las-perreras\/\"]}]},{\"@type\":\"ImageObject\",\"inLanguage\":\"ca\",\"@id\":\"https:\/\/www.clinicavetland.es\/como-afecta-perro-tos-de-las-perreras\/#primaryimage\",\"url\":\"https:\/\/www.clinicavetland.es\/wp-content\/uploads\/2018\/07\/WhatsApp-Image-2018-07-30-at-13.59.59.jpeg\",\"contentUrl\":\"https:\/\/www.clinicavetland.es\/wp-content\/uploads\/2018\/07\/WhatsApp-Image-2018-07-30-at-13.59.59.jpeg\",\"width\":1600,\"height\":1109},{\"@type\":\"BreadcrumbList\",\"@id\":\"https:\/\/www.clinicavetland.es\/como-afecta-perro-tos-de-las-perreras\/#breadcrumb\",\"itemListElement\":[{\"@type\":\"ListItem\",\"position\":1,\"name\":\"Portada\",\"item\":\"https:\/\/www.clinicavetland.es\/\"},{\"@type\":\"ListItem\",\"position\":2,\"name\":\"\u00bfC\u00f3mo afecta a tu perro la tos de las perreras?\"}]},{\"@type\":\"WebSite\",\"@id\":\"https:\/\/www.clinicavetland.es\/#website\",\"url\":\"https:\/\/www.clinicavetland.es\/\",\"name\":\"Cl\u00ednica Vetland\",\"description\":\"Dejamos huella\",\"publisher\":{\"@id\":\"https:\/\/www.clinicavetland.es\/#organization\"},\"potentialAction\":[{\"@type\":\"SearchAction\",\"target\":{\"@type\":\"EntryPoint\",\"urlTemplate\":\"https:\/\/www.clinicavetland.es\/?s={search_term_string}\"},\"query-input\":{\"@type\":\"PropertyValueSpecification\",\"valueRequired\":true,\"valueName\":\"search_term_string\"}}],\"inLanguage\":\"ca\"},{\"@type\":\"Organization\",\"@id\":\"https:\/\/www.clinicavetland.es\/#organization\",\"name\":\"Cl\u00ednica Vetland\",\"url\":\"https:\/\/www.clinicavetland.es\/\",\"logo\":{\"@type\":\"ImageObject\",\"inLanguage\":\"ca\",\"@id\":\"https:\/\/www.clinicavetland.es\/#\/schema\/logo\/image\/\",\"url\":\"https:\/\/www.clinicavetland.es\/wp-content\/uploads\/2020\/03\/Logotipo-Vetland-color.png\",\"contentUrl\":\"https:\/\/www.clinicavetland.es\/wp-content\/uploads\/2020\/03\/Logotipo-Vetland-color.png\",\"width\":1001,\"height\":392,\"caption\":\"Cl\u00ednica Vetland\"},\"image\":{\"@id\":\"https:\/\/www.clinicavetland.es\/#\/schema\/logo\/image\/\"},\"sameAs\":[\"https:\/\/www.facebook.com\/especialidadesveterinariasvetland\",\"https:\/\/instagram.com\/vetland_\/\",\"https:\/\/linkedin.com\/company\/clinicavetland\"]},{\"@type\":\"Person\",\"@id\":\"https:\/\/www.clinicavetland.es\/#\/schema\/person\/aa9a0b1f5b1388b03ee8e45242cce573\",\"name\":\"Cl\u00ednicas Veterinarias Vetland\",\"image\":{\"@type\":\"ImageObject\",\"inLanguage\":\"ca\",\"@id\":\"https:\/\/www.clinicavetland.es\/#\/schema\/person\/image\/\",\"url\":\"https:\/\/secure.gravatar.com\/avatar\/37da9a49fd3fee4cb266e871f1d886825f3935c0b22030c0ffd2689253f156bd?s=96&d=mm&r=g\",\"contentUrl\":\"https:\/\/secure.gravatar.com\/avatar\/37da9a49fd3fee4cb266e871f1d886825f3935c0b22030c0ffd2689253f156bd?s=96&d=mm&r=g\",\"caption\":\"Cl\u00ednicas Veterinarias Vetland\"}}]}<\/script>\n<!-- \/ Yoast SEO plugin. -->","yoast_head_json":{"title":"\u00bfC\u00f3mo afecta a tu perro la tos de las perreras? | Blog | Vetland","description":"Desde Vetland, te contamos todo lo que necesitas saber acerca de una enfermedad muy com\u00fan en los perros, conocida como la tos de las perreras. Proteger la salud de tu perro es la clave para disfrutar del bienestar de tu familia.","robots":{"index":"index","follow":"follow","max-snippet":"max-snippet:-1","max-image-preview":"max-image-preview:large","max-video-preview":"max-video-preview:-1"},"canonical":"https:\/\/www.clinicavetland.es\/ca\/como-afecta-perro-tos-de-las-perreras\/","og_locale":"ca_ES","og_type":"article","og_title":"\u00bfC\u00f3mo afecta a tu perro la tos de las perreras? | Blog | Vetland","og_description":"Desde Vetland, te contamos todo lo que necesitas saber acerca de una enfermedad muy com\u00fan en los perros, conocida como la tos de las perreras. Proteger la salud de tu perro es la clave para disfrutar del bienestar de tu familia.","og_url":"https:\/\/www.clinicavetland.es\/ca\/como-afecta-perro-tos-de-las-perreras\/","og_site_name":"Cl\u00ednica Veterinaria Cardedeu","article_publisher":"https:\/\/www.facebook.com\/especialidadesveterinariasvetland","article_published_time":"2018-07-30T13:06:35+00:00","article_modified_time":"2023-02-27T10:02:46+00:00","og_image":[{"width":1600,"height":1109,"url":"https:\/\/www.clinicavetland.es\/wp-content\/uploads\/2018\/07\/WhatsApp-Image-2018-07-30-at-13.59.59.jpeg","type":"image\/jpeg"}],"author":"Cl\u00ednicas Veterinarias Vetland","twitter_card":"summary_large_image","twitter_misc":{"Escrit per":"Cl\u00ednicas Veterinarias Vetland","Temps estimat de lectura":"5 minuts"},"schema":{"@context":"https:\/\/schema.org","@graph":[{"@type":"Article","@id":"https:\/\/www.clinicavetland.es\/como-afecta-perro-tos-de-las-perreras\/#article","isPartOf":{"@id":"https:\/\/www.clinicavetland.es\/como-afecta-perro-tos-de-las-perreras\/"},"author":{"name":"Cl\u00ednicas Veterinarias Vetland","@id":"https:\/\/www.clinicavetland.es\/#\/schema\/person\/aa9a0b1f5b1388b03ee8e45242cce573"},"headline":"\u00bfC\u00f3mo afecta a tu perro la tos de las perreras?","datePublished":"2018-07-30T13:06:35+00:00","dateModified":"2023-02-27T10:02:46+00:00","mainEntityOfPage":{"@id":"https:\/\/www.clinicavetland.es\/como-afecta-perro-tos-de-las-perreras\/"},"wordCount":1025,"publisher":{"@id":"https:\/\/www.clinicavetland.es\/#organization"},"image":{"@id":"https:\/\/www.clinicavetland.es\/como-afecta-perro-tos-de-las-perreras\/#primaryimage"},"thumbnailUrl":"https:\/\/www.clinicavetland.es\/wp-content\/uploads\/2018\/07\/WhatsApp-Image-2018-07-30-at-13.59.59.jpeg","articleSection":["General"],"inLanguage":"ca"},{"@type":"WebPage","@id":"https:\/\/www.clinicavetland.es\/como-afecta-perro-tos-de-las-perreras\/","url":"https:\/\/www.clinicavetland.es\/como-afecta-perro-tos-de-las-perreras\/","name":"\u00bfC\u00f3mo afecta a tu perro la tos de las perreras? | Blog | Vetland","isPartOf":{"@id":"https:\/\/www.clinicavetland.es\/#website"},"primaryImageOfPage":{"@id":"https:\/\/www.clinicavetland.es\/como-afecta-perro-tos-de-las-perreras\/#primaryimage"},"image":{"@id":"https:\/\/www.clinicavetland.es\/como-afecta-perro-tos-de-las-perreras\/#primaryimage"},"thumbnailUrl":"https:\/\/www.clinicavetland.es\/wp-content\/uploads\/2018\/07\/WhatsApp-Image-2018-07-30-at-13.59.59.jpeg","datePublished":"2018-07-30T13:06:35+00:00","dateModified":"2023-02-27T10:02:46+00:00","description":"Desde Vetland, te contamos todo lo que necesitas saber acerca de una enfermedad muy com\u00fan en los perros, conocida como la tos de las perreras. Proteger la salud de tu perro es la clave para disfrutar del bienestar de tu familia.","breadcrumb":{"@id":"https:\/\/www.clinicavetland.es\/como-afecta-perro-tos-de-las-perreras\/#breadcrumb"},"inLanguage":"ca","potentialAction":[{"@type":"ReadAction","target":["https:\/\/www.clinicavetland.es\/como-afecta-perro-tos-de-las-perreras\/"]}]},{"@type":"ImageObject","inLanguage":"ca","@id":"https:\/\/www.clinicavetland.es\/como-afecta-perro-tos-de-las-perreras\/#primaryimage","url":"https:\/\/www.clinicavetland.es\/wp-content\/uploads\/2018\/07\/WhatsApp-Image-2018-07-30-at-13.59.59.jpeg","contentUrl":"https:\/\/www.clinicavetland.es\/wp-content\/uploads\/2018\/07\/WhatsApp-Image-2018-07-30-at-13.59.59.jpeg","width":1600,"height":1109},{"@type":"BreadcrumbList","@id":"https:\/\/www.clinicavetland.es\/como-afecta-perro-tos-de-las-perreras\/#breadcrumb","itemListElement":[{"@type":"ListItem","position":1,"name":"Portada","item":"https:\/\/www.clinicavetland.es\/"},{"@type":"ListItem","position":2,"name":"\u00bfC\u00f3mo afecta a tu perro la tos de las perreras?"}]},{"@type":"WebSite","@id":"https:\/\/www.clinicavetland.es\/#website","url":"https:\/\/www.clinicavetland.es\/","name":"Cl\u00ednica Vetland","description":"Dejamos huella","publisher":{"@id":"https:\/\/www.clinicavetland.es\/#organization"},"potentialAction":[{"@type":"SearchAction","target":{"@type":"EntryPoint","urlTemplate":"https:\/\/www.clinicavetland.es\/?s={search_term_string}"},"query-input":{"@type":"PropertyValueSpecification","valueRequired":true,"valueName":"search_term_string"}}],"inLanguage":"ca"},{"@type":"Organization","@id":"https:\/\/www.clinicavetland.es\/#organization","name":"Cl\u00ednica Vetland","url":"https:\/\/www.clinicavetland.es\/","logo":{"@type":"ImageObject","inLanguage":"ca","@id":"https:\/\/www.clinicavetland.es\/#\/schema\/logo\/image\/","url":"https:\/\/www.clinicavetland.es\/wp-content\/uploads\/2020\/03\/Logotipo-Vetland-color.png","contentUrl":"https:\/\/www.clinicavetland.es\/wp-content\/uploads\/2020\/03\/Logotipo-Vetland-color.png","width":1001,"height":392,"caption":"Cl\u00ednica Vetland"},"image":{"@id":"https:\/\/www.clinicavetland.es\/#\/schema\/logo\/image\/"},"sameAs":["https:\/\/www.facebook.com\/especialidadesveterinariasvetland","https:\/\/instagram.com\/vetland_\/","https:\/\/linkedin.com\/company\/clinicavetland"]},{"@type":"Person","@id":"https:\/\/www.clinicavetland.es\/#\/schema\/person\/aa9a0b1f5b1388b03ee8e45242cce573","name":"Cl\u00ednicas Veterinarias Vetland","image":{"@type":"ImageObject","inLanguage":"ca","@id":"https:\/\/www.clinicavetland.es\/#\/schema\/person\/image\/","url":"https:\/\/secure.gravatar.com\/avatar\/37da9a49fd3fee4cb266e871f1d886825f3935c0b22030c0ffd2689253f156bd?s=96&d=mm&r=g","contentUrl":"https:\/\/secure.gravatar.com\/avatar\/37da9a49fd3fee4cb266e871f1d886825f3935c0b22030c0ffd2689253f156bd?s=96&d=mm&r=g","caption":"Cl\u00ednicas Veterinarias Vetland"}}]}},"_links":{"self":[{"href":"https:\/\/www.clinicavetland.es\/ca\/wp-json\/wp\/v2\/posts\/2742","targetHints":{"allow":["GET"]}}],"collection":[{"href":"https:\/\/www.clinicavetland.es\/ca\/wp-json\/wp\/v2\/posts"}],"about":[{"href":"https:\/\/www.clinicavetland.es\/ca\/wp-json\/wp\/v2\/types\/post"}],"author":[{"embeddable":true,"href":"https:\/\/www.clinicavetland.es\/ca\/wp-json\/wp\/v2\/users\/12"}],"replies":[{"embeddable":true,"href":"https:\/\/www.clinicavetland.es\/ca\/wp-json\/wp\/v2\/comments?post=2742"}],"version-history":[{"count":17,"href":"https:\/\/www.clinicavetland.es\/ca\/wp-json\/wp\/v2\/posts\/2742\/revisions"}],"predecessor-version":[{"id":2779,"href":"https:\/\/www.clinicavetland.es\/ca\/wp-json\/wp\/v2\/posts\/2742\/revisions\/2779"}],"wp:featuredmedia":[{"embeddable":true,"href":"https:\/\/www.clinicavetland.es\/ca\/wp-json\/wp\/v2\/media\/2743"}],"wp:attachment":[{"href":"https:\/\/www.clinicavetland.es\/ca\/wp-json\/wp\/v2\/media?parent=2742"}],"wp:term":[{"taxonomy":"category","embeddable":true,"href":"https:\/\/www.clinicavetland.es\/ca\/wp-json\/wp\/v2\/categories?post=2742"},{"taxonomy":"post_tag","embeddable":true,"href":"https:\/\/www.clinicavetland.es\/ca\/wp-json\/wp\/v2\/tags?post=2742"}],"curies":[{"name":"wp","href":"https:\/\/api.w.org\/{rel}","templated":true}]}}