{"id":1348,"date":"2016-11-25T13:40:55","date_gmt":"2016-11-25T12:40:55","guid":{"rendered":"http:\/\/www.vetland.es\/?p=1348"},"modified":"2023-02-27T11:03:08","modified_gmt":"2023-02-27T10:03:08","slug":"el-black-friday-llega-a-vetland","status":"publish","type":"post","link":"https:\/\/www.clinicavetland.es\/ca\/el-black-friday-llega-a-vetland\/","title":{"rendered":"\u00a1El Black Friday llega a Vetland!"},"content":{"rendered":"<p>\u00a1Black Friday!<\/p>\n<p>En nuestra <a href=\"http:\/\/www.vetland.es\/\">cl\u00ednica veterinaria Vetland<\/a> tambi\u00e9n nos unimos al viernes loco.<\/p>\n<p><strong>Hasta el s\u00e1bado 3 de diciembre<\/strong> todos los<strong> complementos y juguetes<\/strong>\u00a0m\u00e1s divertidos de nuestra tienda especializada en mascotas tendr\u00e1n un\u00a0<strong>20% de descuento<\/strong>.\u00a0Si tienes ganas de comprarle un rascador a tu gatito o una cama nueva a tu peludo qu\u00e9 mejor que aprovechar esta promoci\u00f3n.<\/p>\n<p>Y para que nos conozc\u00e1is un poquito mejor, este s\u00e1bado 26\u00a0de noviembre\u00a0durante toda la ma\u00f1ana tendremos <strong>jornadas de puertas abiertas<\/strong> para que pod\u00e1is disfrutar de nuestro centro veterinario. \u00a1An\u00edmate y ven a vernos!<\/p>\n<!-- AddThis Advanced Settings generic via filter on the_content --><!-- AddThis Share Buttons generic via filter on the_content -->","protected":false},"excerpt":{"rendered":"<p>\u00a1Black Friday! En nuestra cl\u00ednica veterinaria Vetland tambi\u00e9n nos unimos al viernes loco. Hasta el s\u00e1bado 3 de diciembre todos los complementos y juguetes\u00a0m\u00e1s divertidos de nuestra tienda especializada en mascotas tendr\u00e1n un\u00a020% de descuento.\u00a0Si tienes ganas de comprarle un rascador a tu gatito o una cama nueva a tu peludo qu\u00e9 mejor que aprovechar<a href=\"https:\/\/www.clinicavetland.es\/ca\/el-black-friday-llega-a-vetland\/\">\u2026<\/a><!-- AddThis Advanced Settings generic via filter on get_the_excerpt --><!-- AddThis Share Buttons generic via filter on get_the_excerpt --><\/p>","protected":false},"author":12,"featured_media":2642,"comment_status":"closed","ping_status":"open","sticky":false,"template":"","format":"standard","meta":{"_acf_changed":false,"footnotes":""},"categories":[33],"tags":[130,131,129],"class_list":["post-1348","post","type-post","status-publish","format-standard","has-post-thumbnail","hentry","category-promociones","tag-complementos-para-mascotas","tag-juguetes-para-mascotas","tag-tienda-especializada-en-mascotas"],"acf":[],"yoast_head":"<!-- This site is optimized with the Yoast SEO plugin v27.0 - https:\/\/yoast.com\/product\/yoast-seo-wordpress\/ -->\n<title>\u00a1El Black Friday llega a Vetland! | Cl\u00ednica Veterinaria Cardedeu<\/title>\n<meta name=\"robots\" content=\"index, follow, max-snippet:-1, max-image-preview:large, max-video-preview:-1\" \/>\n<link rel=\"canonical\" href=\"https:\/\/www.clinicavetland.es\/ca\/el-black-friday-llega-a-vetland\/\" \/>\n<meta property=\"og:locale\" content=\"ca_ES\" \/>\n<meta property=\"og:type\" content=\"article\" \/>\n<meta property=\"og:title\" content=\"\u00a1El Black Friday llega a Vetland! | Cl\u00ednica Veterinaria Cardedeu\" \/>\n<meta property=\"og:description\" content=\"\u00a1Black Friday! En nuestra cl\u00ednica veterinaria Vetland tambi\u00e9n nos unimos al viernes loco. Hasta el s\u00e1bado 3 de diciembre todos los complementos y juguetes\u00a0m\u00e1s divertidos de nuestra tienda especializada en mascotas tendr\u00e1n un\u00a020% de descuento.\u00a0Si tienes ganas de comprarle un rascador a tu gatito o una cama nueva a tu peludo qu\u00e9 mejor que aprovechar\u2026\" \/>\n<meta property=\"og:url\" content=\"https:\/\/www.clinicavetland.es\/ca\/el-black-friday-llega-a-vetland\/\" \/>\n<meta property=\"og:site_name\" content=\"Cl\u00ednica Veterinaria Cardedeu\" \/>\n<meta property=\"article:publisher\" content=\"https:\/\/www.facebook.com\/especialidadesveterinariasvetland\" \/>\n<meta property=\"article:published_time\" content=\"2016-11-25T12:40:55+00:00\" \/>\n<meta property=\"article:modified_time\" content=\"2023-02-27T10:03:08+00:00\" \/>\n<meta property=\"og:image\" content=\"https:\/\/www.clinicavetland.es\/wp-content\/uploads\/2018\/06\/23-Black-Friday-Vetland.jpg\" \/>\n\t<meta property=\"og:image:width\" content=\"358\" \/>\n\t<meta property=\"og:image:height\" content=\"300\" \/>\n\t<meta property=\"og:image:type\" content=\"image\/jpeg\" \/>\n<meta name=\"author\" content=\"Cl\u00ednicas Veterinarias Vetland\" \/>\n<meta name=\"twitter:card\" content=\"summary_large_image\" \/>\n<meta name=\"twitter:label1\" content=\"Escrit per\" \/>\n\t<meta name=\"twitter:data1\" content=\"Cl\u00ednicas Veterinarias Vetland\" \/>\n\t<meta name=\"twitter:label2\" content=\"Temps estimat de lectura\" \/>\n\t<meta name=\"twitter:data2\" content=\"1 minut\" \/>\n<script type=\"application\/ld+json\" class=\"yoast-schema-graph\">{\"@context\":\"https:\/\/schema.org\",\"@graph\":[{\"@type\":\"Article\",\"@id\":\"https:\/\/www.clinicavetland.es\/el-black-friday-llega-a-vetland\/#article\",\"isPartOf\":{\"@id\":\"https:\/\/www.clinicavetland.es\/el-black-friday-llega-a-vetland\/\"},\"author\":{\"name\":\"Cl\u00ednicas Veterinarias Vetland\",\"@id\":\"https:\/\/www.clinicavetland.es\/#\/schema\/person\/aa9a0b1f5b1388b03ee8e45242cce573\"},\"headline\":\"\u00a1El Black Friday llega a Vetland!\",\"datePublished\":\"2016-11-25T12:40:55+00:00\",\"dateModified\":\"2023-02-27T10:03:08+00:00\",\"mainEntityOfPage\":{\"@id\":\"https:\/\/www.clinicavetland.es\/el-black-friday-llega-a-vetland\/\"},\"wordCount\":109,\"publisher\":{\"@id\":\"https:\/\/www.clinicavetland.es\/#organization\"},\"image\":{\"@id\":\"https:\/\/www.clinicavetland.es\/el-black-friday-llega-a-vetland\/#primaryimage\"},\"thumbnailUrl\":\"https:\/\/www.clinicavetland.es\/wp-content\/uploads\/2018\/06\/23-Black-Friday-Vetland.jpg\",\"keywords\":[\"complementos para mascotas\",\"juguetes para mascotas\",\"tienda especializada en mascotas\"],\"articleSection\":[\"Promociones\"],\"inLanguage\":\"ca\"},{\"@type\":\"WebPage\",\"@id\":\"https:\/\/www.clinicavetland.es\/el-black-friday-llega-a-vetland\/\",\"url\":\"https:\/\/www.clinicavetland.es\/el-black-friday-llega-a-vetland\/\",\"name\":\"\u00a1El Black Friday llega a Vetland! | Cl\u00ednica Veterinaria Cardedeu\",\"isPartOf\":{\"@id\":\"https:\/\/www.clinicavetland.es\/#website\"},\"primaryImageOfPage\":{\"@id\":\"https:\/\/www.clinicavetland.es\/el-black-friday-llega-a-vetland\/#primaryimage\"},\"image\":{\"@id\":\"https:\/\/www.clinicavetland.es\/el-black-friday-llega-a-vetland\/#primaryimage\"},\"thumbnailUrl\":\"https:\/\/www.clinicavetland.es\/wp-content\/uploads\/2018\/06\/23-Black-Friday-Vetland.jpg\",\"datePublished\":\"2016-11-25T12:40:55+00:00\",\"dateModified\":\"2023-02-27T10:03:08+00:00\",\"breadcrumb\":{\"@id\":\"https:\/\/www.clinicavetland.es\/el-black-friday-llega-a-vetland\/#breadcrumb\"},\"inLanguage\":\"ca\",\"potentialAction\":[{\"@type\":\"ReadAction\",\"target\":[\"https:\/\/www.clinicavetland.es\/el-black-friday-llega-a-vetland\/\"]}]},{\"@type\":\"ImageObject\",\"inLanguage\":\"ca\",\"@id\":\"https:\/\/www.clinicavetland.es\/el-black-friday-llega-a-vetland\/#primaryimage\",\"url\":\"https:\/\/www.clinicavetland.es\/wp-content\/uploads\/2018\/06\/23-Black-Friday-Vetland.jpg\",\"contentUrl\":\"https:\/\/www.clinicavetland.es\/wp-content\/uploads\/2018\/06\/23-Black-Friday-Vetland.jpg\",\"width\":358,\"height\":300},{\"@type\":\"BreadcrumbList\",\"@id\":\"https:\/\/www.clinicavetland.es\/el-black-friday-llega-a-vetland\/#breadcrumb\",\"itemListElement\":[{\"@type\":\"ListItem\",\"position\":1,\"name\":\"Portada\",\"item\":\"https:\/\/www.clinicavetland.es\/\"},{\"@type\":\"ListItem\",\"position\":2,\"name\":\"\u00a1El Black Friday llega a Vetland!\"}]},{\"@type\":\"WebSite\",\"@id\":\"https:\/\/www.clinicavetland.es\/#website\",\"url\":\"https:\/\/www.clinicavetland.es\/\",\"name\":\"Cl\u00ednica Vetland\",\"description\":\"Dejamos huella\",\"publisher\":{\"@id\":\"https:\/\/www.clinicavetland.es\/#organization\"},\"potentialAction\":[{\"@type\":\"SearchAction\",\"target\":{\"@type\":\"EntryPoint\",\"urlTemplate\":\"https:\/\/www.clinicavetland.es\/?s={search_term_string}\"},\"query-input\":{\"@type\":\"PropertyValueSpecification\",\"valueRequired\":true,\"valueName\":\"search_term_string\"}}],\"inLanguage\":\"ca\"},{\"@type\":\"Organization\",\"@id\":\"https:\/\/www.clinicavetland.es\/#organization\",\"name\":\"Cl\u00ednica Vetland\",\"url\":\"https:\/\/www.clinicavetland.es\/\",\"logo\":{\"@type\":\"ImageObject\",\"inLanguage\":\"ca\",\"@id\":\"https:\/\/www.clinicavetland.es\/#\/schema\/logo\/image\/\",\"url\":\"https:\/\/www.clinicavetland.es\/wp-content\/uploads\/2020\/03\/Logotipo-Vetland-color.png\",\"contentUrl\":\"https:\/\/www.clinicavetland.es\/wp-content\/uploads\/2020\/03\/Logotipo-Vetland-color.png\",\"width\":1001,\"height\":392,\"caption\":\"Cl\u00ednica Vetland\"},\"image\":{\"@id\":\"https:\/\/www.clinicavetland.es\/#\/schema\/logo\/image\/\"},\"sameAs\":[\"https:\/\/www.facebook.com\/especialidadesveterinariasvetland\",\"https:\/\/instagram.com\/vetland_\/\",\"https:\/\/linkedin.com\/company\/clinicavetland\"]},{\"@type\":\"Person\",\"@id\":\"https:\/\/www.clinicavetland.es\/#\/schema\/person\/aa9a0b1f5b1388b03ee8e45242cce573\",\"name\":\"Cl\u00ednicas Veterinarias Vetland\",\"image\":{\"@type\":\"ImageObject\",\"inLanguage\":\"ca\",\"@id\":\"https:\/\/www.clinicavetland.es\/#\/schema\/person\/image\/\",\"url\":\"https:\/\/secure.gravatar.com\/avatar\/37da9a49fd3fee4cb266e871f1d886825f3935c0b22030c0ffd2689253f156bd?s=96&d=mm&r=g\",\"contentUrl\":\"https:\/\/secure.gravatar.com\/avatar\/37da9a49fd3fee4cb266e871f1d886825f3935c0b22030c0ffd2689253f156bd?s=96&d=mm&r=g\",\"caption\":\"Cl\u00ednicas Veterinarias Vetland\"}}]}<\/script>\n<!-- \/ Yoast SEO plugin. -->","yoast_head_json":{"title":"\u00a1El Black Friday llega a Vetland! | Cl\u00ednica Veterinaria Cardedeu","robots":{"index":"index","follow":"follow","max-snippet":"max-snippet:-1","max-image-preview":"max-image-preview:large","max-video-preview":"max-video-preview:-1"},"canonical":"https:\/\/www.clinicavetland.es\/ca\/el-black-friday-llega-a-vetland\/","og_locale":"ca_ES","og_type":"article","og_title":"\u00a1El Black Friday llega a Vetland! | Cl\u00ednica Veterinaria Cardedeu","og_description":"\u00a1Black Friday! En nuestra cl\u00ednica veterinaria Vetland tambi\u00e9n nos unimos al viernes loco. Hasta el s\u00e1bado 3 de diciembre todos los complementos y juguetes\u00a0m\u00e1s divertidos de nuestra tienda especializada en mascotas tendr\u00e1n un\u00a020% de descuento.\u00a0Si tienes ganas de comprarle un rascador a tu gatito o una cama nueva a tu peludo qu\u00e9 mejor que aprovechar\u2026","og_url":"https:\/\/www.clinicavetland.es\/ca\/el-black-friday-llega-a-vetland\/","og_site_name":"Cl\u00ednica Veterinaria Cardedeu","article_publisher":"https:\/\/www.facebook.com\/especialidadesveterinariasvetland","article_published_time":"2016-11-25T12:40:55+00:00","article_modified_time":"2023-02-27T10:03:08+00:00","og_image":[{"width":358,"height":300,"url":"https:\/\/www.clinicavetland.es\/wp-content\/uploads\/2018\/06\/23-Black-Friday-Vetland.jpg","type":"image\/jpeg"}],"author":"Cl\u00ednicas Veterinarias Vetland","twitter_card":"summary_large_image","twitter_misc":{"Escrit per":"Cl\u00ednicas Veterinarias Vetland","Temps estimat de lectura":"1 minut"},"schema":{"@context":"https:\/\/schema.org","@graph":[{"@type":"Article","@id":"https:\/\/www.clinicavetland.es\/el-black-friday-llega-a-vetland\/#article","isPartOf":{"@id":"https:\/\/www.clinicavetland.es\/el-black-friday-llega-a-vetland\/"},"author":{"name":"Cl\u00ednicas Veterinarias Vetland","@id":"https:\/\/www.clinicavetland.es\/#\/schema\/person\/aa9a0b1f5b1388b03ee8e45242cce573"},"headline":"\u00a1El Black Friday llega a Vetland!","datePublished":"2016-11-25T12:40:55+00:00","dateModified":"2023-02-27T10:03:08+00:00","mainEntityOfPage":{"@id":"https:\/\/www.clinicavetland.es\/el-black-friday-llega-a-vetland\/"},"wordCount":109,"publisher":{"@id":"https:\/\/www.clinicavetland.es\/#organization"},"image":{"@id":"https:\/\/www.clinicavetland.es\/el-black-friday-llega-a-vetland\/#primaryimage"},"thumbnailUrl":"https:\/\/www.clinicavetland.es\/wp-content\/uploads\/2018\/06\/23-Black-Friday-Vetland.jpg","keywords":["complementos para mascotas","juguetes para mascotas","tienda especializada en mascotas"],"articleSection":["Promociones"],"inLanguage":"ca"},{"@type":"WebPage","@id":"https:\/\/www.clinicavetland.es\/el-black-friday-llega-a-vetland\/","url":"https:\/\/www.clinicavetland.es\/el-black-friday-llega-a-vetland\/","name":"\u00a1El Black Friday llega a Vetland! | Cl\u00ednica Veterinaria Cardedeu","isPartOf":{"@id":"https:\/\/www.clinicavetland.es\/#website"},"primaryImageOfPage":{"@id":"https:\/\/www.clinicavetland.es\/el-black-friday-llega-a-vetland\/#primaryimage"},"image":{"@id":"https:\/\/www.clinicavetland.es\/el-black-friday-llega-a-vetland\/#primaryimage"},"thumbnailUrl":"https:\/\/www.clinicavetland.es\/wp-content\/uploads\/2018\/06\/23-Black-Friday-Vetland.jpg","datePublished":"2016-11-25T12:40:55+00:00","dateModified":"2023-02-27T10:03:08+00:00","breadcrumb":{"@id":"https:\/\/www.clinicavetland.es\/el-black-friday-llega-a-vetland\/#breadcrumb"},"inLanguage":"ca","potentialAction":[{"@type":"ReadAction","target":["https:\/\/www.clinicavetland.es\/el-black-friday-llega-a-vetland\/"]}]},{"@type":"ImageObject","inLanguage":"ca","@id":"https:\/\/www.clinicavetland.es\/el-black-friday-llega-a-vetland\/#primaryimage","url":"https:\/\/www.clinicavetland.es\/wp-content\/uploads\/2018\/06\/23-Black-Friday-Vetland.jpg","contentUrl":"https:\/\/www.clinicavetland.es\/wp-content\/uploads\/2018\/06\/23-Black-Friday-Vetland.jpg","width":358,"height":300},{"@type":"BreadcrumbList","@id":"https:\/\/www.clinicavetland.es\/el-black-friday-llega-a-vetland\/#breadcrumb","itemListElement":[{"@type":"ListItem","position":1,"name":"Portada","item":"https:\/\/www.clinicavetland.es\/"},{"@type":"ListItem","position":2,"name":"\u00a1El Black Friday llega a Vetland!"}]},{"@type":"WebSite","@id":"https:\/\/www.clinicavetland.es\/#website","url":"https:\/\/www.clinicavetland.es\/","name":"Cl\u00ednica Vetland","description":"Dejamos huella","publisher":{"@id":"https:\/\/www.clinicavetland.es\/#organization"},"potentialAction":[{"@type":"SearchAction","target":{"@type":"EntryPoint","urlTemplate":"https:\/\/www.clinicavetland.es\/?s={search_term_string}"},"query-input":{"@type":"PropertyValueSpecification","valueRequired":true,"valueName":"search_term_string"}}],"inLanguage":"ca"},{"@type":"Organization","@id":"https:\/\/www.clinicavetland.es\/#organization","name":"Cl\u00ednica Vetland","url":"https:\/\/www.clinicavetland.es\/","logo":{"@type":"ImageObject","inLanguage":"ca","@id":"https:\/\/www.clinicavetland.es\/#\/schema\/logo\/image\/","url":"https:\/\/www.clinicavetland.es\/wp-content\/uploads\/2020\/03\/Logotipo-Vetland-color.png","contentUrl":"https:\/\/www.clinicavetland.es\/wp-content\/uploads\/2020\/03\/Logotipo-Vetland-color.png","width":1001,"height":392,"caption":"Cl\u00ednica Vetland"},"image":{"@id":"https:\/\/www.clinicavetland.es\/#\/schema\/logo\/image\/"},"sameAs":["https:\/\/www.facebook.com\/especialidadesveterinariasvetland","https:\/\/instagram.com\/vetland_\/","https:\/\/linkedin.com\/company\/clinicavetland"]},{"@type":"Person","@id":"https:\/\/www.clinicavetland.es\/#\/schema\/person\/aa9a0b1f5b1388b03ee8e45242cce573","name":"Cl\u00ednicas Veterinarias Vetland","image":{"@type":"ImageObject","inLanguage":"ca","@id":"https:\/\/www.clinicavetland.es\/#\/schema\/person\/image\/","url":"https:\/\/secure.gravatar.com\/avatar\/37da9a49fd3fee4cb266e871f1d886825f3935c0b22030c0ffd2689253f156bd?s=96&d=mm&r=g","contentUrl":"https:\/\/secure.gravatar.com\/avatar\/37da9a49fd3fee4cb266e871f1d886825f3935c0b22030c0ffd2689253f156bd?s=96&d=mm&r=g","caption":"Cl\u00ednicas Veterinarias Vetland"}}]}},"_links":{"self":[{"href":"https:\/\/www.clinicavetland.es\/ca\/wp-json\/wp\/v2\/posts\/1348","targetHints":{"allow":["GET"]}}],"collection":[{"href":"https:\/\/www.clinicavetland.es\/ca\/wp-json\/wp\/v2\/posts"}],"about":[{"href":"https:\/\/www.clinicavetland.es\/ca\/wp-json\/wp\/v2\/types\/post"}],"author":[{"embeddable":true,"href":"https:\/\/www.clinicavetland.es\/ca\/wp-json\/wp\/v2\/users\/12"}],"replies":[{"embeddable":true,"href":"https:\/\/www.clinicavetland.es\/ca\/wp-json\/wp\/v2\/comments?post=1348"}],"version-history":[{"count":4,"href":"https:\/\/www.clinicavetland.es\/ca\/wp-json\/wp\/v2\/posts\/1348\/revisions"}],"predecessor-version":[{"id":1354,"href":"https:\/\/www.clinicavetland.es\/ca\/wp-json\/wp\/v2\/posts\/1348\/revisions\/1354"}],"wp:featuredmedia":[{"embeddable":true,"href":"https:\/\/www.clinicavetland.es\/ca\/wp-json\/wp\/v2\/media\/2642"}],"wp:attachment":[{"href":"https:\/\/www.clinicavetland.es\/ca\/wp-json\/wp\/v2\/media?parent=1348"}],"wp:term":[{"taxonomy":"category","embeddable":true,"href":"https:\/\/www.clinicavetland.es\/ca\/wp-json\/wp\/v2\/categories?post=1348"},{"taxonomy":"post_tag","embeddable":true,"href":"https:\/\/www.clinicavetland.es\/ca\/wp-json\/wp\/v2\/tags?post=1348"}],"curies":[{"name":"wp","href":"https:\/\/api.w.org\/{rel}","templated":true}]}}