{"id":1331,"date":"2016-11-18T13:08:47","date_gmt":"2016-11-18T12:08:47","guid":{"rendered":"http:\/\/www.vetland.es\/?p=1331"},"modified":"2023-02-27T11:03:09","modified_gmt":"2023-02-27T10:03:09","slug":"precauciones-para-un-dia-de-montana-con-nuestro-perro","status":"publish","type":"post","link":"https:\/\/www.clinicavetland.es\/ca\/precauciones-para-un-dia-de-montana-con-nuestro-perro\/","title":{"rendered":"Precauciones para un d\u00eda de monta\u00f1a con nuestro perro"},"content":{"rendered":"<p>Ya nos van abandonando las altas temperaturas y eso hace que cada vez m\u00e1s nos apetezca<strong> salir a la monta\u00f1a<\/strong>, ya sea a buscar setas o a hacer alguna traves\u00eda acompa\u00f1ados de nuestro amigo peludo. Es por eso que desde la <a href=\"http:\/\/vetland.es\/\">Cl\u00ednica Veterinaria Vetland<\/a> os queremos recordar una serie de <strong>precauciones<\/strong> a seguir para que tanto nosotros como nuestra\u00a0mascota disfrutemos de la monta\u00f1a.<\/p>\n<p>Lo primero ser\u00e1 planificar bien la salida, nadie corre una marat\u00f3n sin haberse entrenado antes durante varios meses. As\u00ed, si nuestro perro\u00a0lleva una vida de ciudad convendr\u00e1 ir subiendo la exigencia de la ruta de forma progresiva. Tambi\u00e9n deberemos pensar en los desniveles, la altitud y las dificultades de la ruta escogida, as\u00ed como la duraci\u00f3n.<\/p>\n<p>Los cambios de presi\u00f3n que supone la altitud tambi\u00e9n afectar\u00e1n a nuestros amigos peludos. <strong>No podemos pedirles cosas para las que no est\u00e1n preparados<\/strong> (escalar una pared vertical, bajar un barranco por un r\u00edo a baja temperatura\u2026). En caso de duda, nunca deberemos forzarle. Es muy importante no olvidarnos de llevar siempre agua suficiente, incluso su bebedero y comida.<\/p>\n<p>Como precauciones previas, comprobaremos los siguientes detalles:<\/p>\n<ul>\n<li>Que est\u00e9 al d\u00eda de vacunas.<\/li>\n<li>Que tenga las u\u00f1as bien cuidadas.<\/li>\n<li>Nos informaremos de los centros veterinarios m\u00e1s cercanos a la ruta para poder acudir en caso de\u00a0emergencia.<\/li>\n<li>Evitaremos cotos de caza o la temporada de caza.<\/li>\n<li>En zonas muy transitadas (zonas de picnic, caminos p\u00fablicos, etc.) tendr\u00e1 que ir atado, ya que los ni\u00f1os se pueden asustar o puede haber fauna salvaje.<\/li>\n<li>Si nuestro perro pertenece a una raza potencialmente peligrosa deber\u00e1 ir atado y con bozal en todo momento.<\/li>\n<\/ul>\n<p>Otro factor importante es la <strong>temperatura<\/strong>. Combinar altas temperaturas\u00a0con mucho ejercicio predispone a un golpe de calor, lo que puede ser muy peligroso para tu peludo. Por este motivo, las competiciones de canicross (due\u00f1o y mascota comparten dorsal y esfuerzo en una carrera por la monta\u00f1a) quedan reducidas a 2,5 Km. de largo si la temperatura marca 20 \u00baC, mientras que si sube todav\u00eda\u00a0m\u00e1s quedan suspendidas.<\/p>\n<p>Por \u00faltimo, debemos asegurarnos de que protegemos las <strong>almohadillas<\/strong> de nuestro perro, ya que la monta\u00f1a tiende a provocar la aparici\u00f3n de grietas, rozaduras e incluso alg\u00fan corte que pueden llegar a ser complicados de solucionar. As\u00ed, la recomendaci\u00f3n ser\u00eda prepararlas quince o treinta d\u00edas antes e incluso\u00a0durante el recorrido, empleando b\u00e1lsamos o tinturas al uso si es una traves\u00eda corta o no hace mucho calor, o utilizando zapatillas de flauta (mejor si son flexibles) si se trata de una excursi\u00f3n de m\u00e1s de cinco d\u00edas o hace mucho calor.<\/p>\n<p>Esperamos que estos peque\u00f1os consejos os ayuden a <strong>disfrutar de la monta\u00f1a con vuestro perro de una forma m\u00e1s segura<\/strong>.<\/p>\n<!-- AddThis Advanced Settings generic via filter on the_content --><!-- AddThis Share Buttons generic via filter on the_content -->","protected":false},"excerpt":{"rendered":"<p>Ya nos van abandonando las altas temperaturas y eso hace que cada vez m\u00e1s nos apetezca salir a la monta\u00f1a, ya sea a buscar setas o a hacer alguna traves\u00eda acompa\u00f1ados de nuestro amigo peludo. Es por eso que desde la Cl\u00ednica Veterinaria Vetland os queremos recordar una serie de precauciones a seguir para que<a href=\"https:\/\/www.clinicavetland.es\/ca\/precauciones-para-un-dia-de-montana-con-nuestro-perro\/\">\u2026<\/a><!-- AddThis Advanced Settings generic via filter on get_the_excerpt --><!-- AddThis Share Buttons generic via filter on get_the_excerpt --><\/p>","protected":false},"author":12,"featured_media":2638,"comment_status":"closed","ping_status":"open","sticky":false,"template":"","format":"standard","meta":{"_acf_changed":false,"footnotes":""},"categories":[1],"tags":[13,123,16,26],"class_list":["post-1331","post","type-post","status-publish","format-standard","has-post-thumbnail","hentry","category-general","tag-mascota","tag-montana","tag-perro","tag-precaucion"],"acf":[],"yoast_head":"<!-- This site is optimized with the Yoast SEO plugin v27.0 - https:\/\/yoast.com\/product\/yoast-seo-wordpress\/ -->\n<title>Precauciones para un d\u00eda de monta\u00f1a con nuestro perro | Cl\u00ednica Veterinaria Cardedeu<\/title>\n<meta name=\"description\" content=\"Desde Vetland os queremos recordar una serie de precauciones a seguir para que tanto nosotros como nuestra mascota disfrutemos de la monta\u00f1a.\" \/>\n<meta name=\"robots\" content=\"index, follow, max-snippet:-1, max-image-preview:large, max-video-preview:-1\" \/>\n<link rel=\"canonical\" href=\"https:\/\/www.clinicavetland.es\/ca\/precauciones-para-un-dia-de-montana-con-nuestro-perro\/\" \/>\n<meta property=\"og:locale\" content=\"ca_ES\" \/>\n<meta property=\"og:type\" content=\"article\" \/>\n<meta property=\"og:title\" content=\"Precauciones para un d\u00eda de monta\u00f1a con nuestro perro | Cl\u00ednica Veterinaria Cardedeu\" \/>\n<meta property=\"og:description\" content=\"Desde Vetland os queremos recordar una serie de precauciones a seguir para que tanto nosotros como nuestra mascota disfrutemos de la monta\u00f1a.\" \/>\n<meta property=\"og:url\" content=\"https:\/\/www.clinicavetland.es\/ca\/precauciones-para-un-dia-de-montana-con-nuestro-perro\/\" \/>\n<meta property=\"og:site_name\" content=\"Cl\u00ednica Veterinaria Cardedeu\" \/>\n<meta property=\"article:publisher\" content=\"https:\/\/www.facebook.com\/especialidadesveterinariasvetland\" \/>\n<meta property=\"article:published_time\" content=\"2016-11-18T12:08:47+00:00\" \/>\n<meta property=\"article:modified_time\" content=\"2023-02-27T10:03:09+00:00\" \/>\n<meta property=\"og:image\" content=\"https:\/\/www.clinicavetland.es\/wp-content\/uploads\/2018\/06\/21-bernese-mountain-dog-1696445_1920.jpg\" \/>\n\t<meta property=\"og:image:width\" content=\"450\" \/>\n\t<meta property=\"og:image:height\" content=\"300\" \/>\n\t<meta property=\"og:image:type\" content=\"image\/jpeg\" \/>\n<meta name=\"author\" content=\"Cl\u00ednicas Veterinarias Vetland\" \/>\n<meta name=\"twitter:card\" content=\"summary_large_image\" \/>\n<meta name=\"twitter:label1\" content=\"Escrit per\" \/>\n\t<meta name=\"twitter:data1\" content=\"Cl\u00ednicas Veterinarias Vetland\" \/>\n\t<meta name=\"twitter:label2\" content=\"Temps estimat de lectura\" \/>\n\t<meta name=\"twitter:data2\" content=\"2 minuts\" \/>\n<script type=\"application\/ld+json\" class=\"yoast-schema-graph\">{\"@context\":\"https:\/\/schema.org\",\"@graph\":[{\"@type\":\"Article\",\"@id\":\"https:\/\/www.clinicavetland.es\/precauciones-para-un-dia-de-montana-con-nuestro-perro\/#article\",\"isPartOf\":{\"@id\":\"https:\/\/www.clinicavetland.es\/precauciones-para-un-dia-de-montana-con-nuestro-perro\/\"},\"author\":{\"name\":\"Cl\u00ednicas Veterinarias Vetland\",\"@id\":\"https:\/\/www.clinicavetland.es\/#\/schema\/person\/aa9a0b1f5b1388b03ee8e45242cce573\"},\"headline\":\"Precauciones para un d\u00eda de monta\u00f1a con nuestro perro\",\"datePublished\":\"2016-11-18T12:08:47+00:00\",\"dateModified\":\"2023-02-27T10:03:09+00:00\",\"mainEntityOfPage\":{\"@id\":\"https:\/\/www.clinicavetland.es\/precauciones-para-un-dia-de-montana-con-nuestro-perro\/\"},\"wordCount\":495,\"publisher\":{\"@id\":\"https:\/\/www.clinicavetland.es\/#organization\"},\"image\":{\"@id\":\"https:\/\/www.clinicavetland.es\/precauciones-para-un-dia-de-montana-con-nuestro-perro\/#primaryimage\"},\"thumbnailUrl\":\"https:\/\/www.clinicavetland.es\/wp-content\/uploads\/2018\/06\/21-bernese-mountain-dog-1696445_1920.jpg\",\"keywords\":[\"mascota\",\"monta\u00f1a\",\"perro\",\"precauci\u00f3n\"],\"articleSection\":[\"General\"],\"inLanguage\":\"ca\"},{\"@type\":\"WebPage\",\"@id\":\"https:\/\/www.clinicavetland.es\/precauciones-para-un-dia-de-montana-con-nuestro-perro\/\",\"url\":\"https:\/\/www.clinicavetland.es\/precauciones-para-un-dia-de-montana-con-nuestro-perro\/\",\"name\":\"Precauciones para un d\u00eda de monta\u00f1a con nuestro perro | Cl\u00ednica Veterinaria Cardedeu\",\"isPartOf\":{\"@id\":\"https:\/\/www.clinicavetland.es\/#website\"},\"primaryImageOfPage\":{\"@id\":\"https:\/\/www.clinicavetland.es\/precauciones-para-un-dia-de-montana-con-nuestro-perro\/#primaryimage\"},\"image\":{\"@id\":\"https:\/\/www.clinicavetland.es\/precauciones-para-un-dia-de-montana-con-nuestro-perro\/#primaryimage\"},\"thumbnailUrl\":\"https:\/\/www.clinicavetland.es\/wp-content\/uploads\/2018\/06\/21-bernese-mountain-dog-1696445_1920.jpg\",\"datePublished\":\"2016-11-18T12:08:47+00:00\",\"dateModified\":\"2023-02-27T10:03:09+00:00\",\"description\":\"Desde Vetland os queremos recordar una serie de precauciones a seguir para que tanto nosotros como nuestra mascota disfrutemos de la monta\u00f1a.\",\"breadcrumb\":{\"@id\":\"https:\/\/www.clinicavetland.es\/precauciones-para-un-dia-de-montana-con-nuestro-perro\/#breadcrumb\"},\"inLanguage\":\"ca\",\"potentialAction\":[{\"@type\":\"ReadAction\",\"target\":[\"https:\/\/www.clinicavetland.es\/precauciones-para-un-dia-de-montana-con-nuestro-perro\/\"]}]},{\"@type\":\"ImageObject\",\"inLanguage\":\"ca\",\"@id\":\"https:\/\/www.clinicavetland.es\/precauciones-para-un-dia-de-montana-con-nuestro-perro\/#primaryimage\",\"url\":\"https:\/\/www.clinicavetland.es\/wp-content\/uploads\/2018\/06\/21-bernese-mountain-dog-1696445_1920.jpg\",\"contentUrl\":\"https:\/\/www.clinicavetland.es\/wp-content\/uploads\/2018\/06\/21-bernese-mountain-dog-1696445_1920.jpg\",\"width\":450,\"height\":300},{\"@type\":\"BreadcrumbList\",\"@id\":\"https:\/\/www.clinicavetland.es\/precauciones-para-un-dia-de-montana-con-nuestro-perro\/#breadcrumb\",\"itemListElement\":[{\"@type\":\"ListItem\",\"position\":1,\"name\":\"Portada\",\"item\":\"https:\/\/www.clinicavetland.es\/\"},{\"@type\":\"ListItem\",\"position\":2,\"name\":\"Precauciones para un d\u00eda de monta\u00f1a con nuestro perro\"}]},{\"@type\":\"WebSite\",\"@id\":\"https:\/\/www.clinicavetland.es\/#website\",\"url\":\"https:\/\/www.clinicavetland.es\/\",\"name\":\"Cl\u00ednica Vetland\",\"description\":\"Dejamos huella\",\"publisher\":{\"@id\":\"https:\/\/www.clinicavetland.es\/#organization\"},\"potentialAction\":[{\"@type\":\"SearchAction\",\"target\":{\"@type\":\"EntryPoint\",\"urlTemplate\":\"https:\/\/www.clinicavetland.es\/?s={search_term_string}\"},\"query-input\":{\"@type\":\"PropertyValueSpecification\",\"valueRequired\":true,\"valueName\":\"search_term_string\"}}],\"inLanguage\":\"ca\"},{\"@type\":\"Organization\",\"@id\":\"https:\/\/www.clinicavetland.es\/#organization\",\"name\":\"Cl\u00ednica Vetland\",\"url\":\"https:\/\/www.clinicavetland.es\/\",\"logo\":{\"@type\":\"ImageObject\",\"inLanguage\":\"ca\",\"@id\":\"https:\/\/www.clinicavetland.es\/#\/schema\/logo\/image\/\",\"url\":\"https:\/\/www.clinicavetland.es\/wp-content\/uploads\/2020\/03\/Logotipo-Vetland-color.png\",\"contentUrl\":\"https:\/\/www.clinicavetland.es\/wp-content\/uploads\/2020\/03\/Logotipo-Vetland-color.png\",\"width\":1001,\"height\":392,\"caption\":\"Cl\u00ednica Vetland\"},\"image\":{\"@id\":\"https:\/\/www.clinicavetland.es\/#\/schema\/logo\/image\/\"},\"sameAs\":[\"https:\/\/www.facebook.com\/especialidadesveterinariasvetland\",\"https:\/\/instagram.com\/vetland_\/\",\"https:\/\/linkedin.com\/company\/clinicavetland\"]},{\"@type\":\"Person\",\"@id\":\"https:\/\/www.clinicavetland.es\/#\/schema\/person\/aa9a0b1f5b1388b03ee8e45242cce573\",\"name\":\"Cl\u00ednicas Veterinarias Vetland\",\"image\":{\"@type\":\"ImageObject\",\"inLanguage\":\"ca\",\"@id\":\"https:\/\/www.clinicavetland.es\/#\/schema\/person\/image\/\",\"url\":\"https:\/\/secure.gravatar.com\/avatar\/37da9a49fd3fee4cb266e871f1d886825f3935c0b22030c0ffd2689253f156bd?s=96&d=mm&r=g\",\"contentUrl\":\"https:\/\/secure.gravatar.com\/avatar\/37da9a49fd3fee4cb266e871f1d886825f3935c0b22030c0ffd2689253f156bd?s=96&d=mm&r=g\",\"caption\":\"Cl\u00ednicas Veterinarias Vetland\"}}]}<\/script>\n<!-- \/ Yoast SEO plugin. -->","yoast_head_json":{"title":"Precauciones para un d\u00eda de monta\u00f1a con nuestro perro | Cl\u00ednica Veterinaria Cardedeu","description":"Desde Vetland os queremos recordar una serie de precauciones a seguir para que tanto nosotros como nuestra mascota disfrutemos de la monta\u00f1a.","robots":{"index":"index","follow":"follow","max-snippet":"max-snippet:-1","max-image-preview":"max-image-preview:large","max-video-preview":"max-video-preview:-1"},"canonical":"https:\/\/www.clinicavetland.es\/ca\/precauciones-para-un-dia-de-montana-con-nuestro-perro\/","og_locale":"ca_ES","og_type":"article","og_title":"Precauciones para un d\u00eda de monta\u00f1a con nuestro perro | Cl\u00ednica Veterinaria Cardedeu","og_description":"Desde Vetland os queremos recordar una serie de precauciones a seguir para que tanto nosotros como nuestra mascota disfrutemos de la monta\u00f1a.","og_url":"https:\/\/www.clinicavetland.es\/ca\/precauciones-para-un-dia-de-montana-con-nuestro-perro\/","og_site_name":"Cl\u00ednica Veterinaria Cardedeu","article_publisher":"https:\/\/www.facebook.com\/especialidadesveterinariasvetland","article_published_time":"2016-11-18T12:08:47+00:00","article_modified_time":"2023-02-27T10:03:09+00:00","og_image":[{"width":450,"height":300,"url":"https:\/\/www.clinicavetland.es\/wp-content\/uploads\/2018\/06\/21-bernese-mountain-dog-1696445_1920.jpg","type":"image\/jpeg"}],"author":"Cl\u00ednicas Veterinarias Vetland","twitter_card":"summary_large_image","twitter_misc":{"Escrit per":"Cl\u00ednicas Veterinarias Vetland","Temps estimat de lectura":"2 minuts"},"schema":{"@context":"https:\/\/schema.org","@graph":[{"@type":"Article","@id":"https:\/\/www.clinicavetland.es\/precauciones-para-un-dia-de-montana-con-nuestro-perro\/#article","isPartOf":{"@id":"https:\/\/www.clinicavetland.es\/precauciones-para-un-dia-de-montana-con-nuestro-perro\/"},"author":{"name":"Cl\u00ednicas Veterinarias Vetland","@id":"https:\/\/www.clinicavetland.es\/#\/schema\/person\/aa9a0b1f5b1388b03ee8e45242cce573"},"headline":"Precauciones para un d\u00eda de monta\u00f1a con nuestro perro","datePublished":"2016-11-18T12:08:47+00:00","dateModified":"2023-02-27T10:03:09+00:00","mainEntityOfPage":{"@id":"https:\/\/www.clinicavetland.es\/precauciones-para-un-dia-de-montana-con-nuestro-perro\/"},"wordCount":495,"publisher":{"@id":"https:\/\/www.clinicavetland.es\/#organization"},"image":{"@id":"https:\/\/www.clinicavetland.es\/precauciones-para-un-dia-de-montana-con-nuestro-perro\/#primaryimage"},"thumbnailUrl":"https:\/\/www.clinicavetland.es\/wp-content\/uploads\/2018\/06\/21-bernese-mountain-dog-1696445_1920.jpg","keywords":["mascota","monta\u00f1a","perro","precauci\u00f3n"],"articleSection":["General"],"inLanguage":"ca"},{"@type":"WebPage","@id":"https:\/\/www.clinicavetland.es\/precauciones-para-un-dia-de-montana-con-nuestro-perro\/","url":"https:\/\/www.clinicavetland.es\/precauciones-para-un-dia-de-montana-con-nuestro-perro\/","name":"Precauciones para un d\u00eda de monta\u00f1a con nuestro perro | Cl\u00ednica Veterinaria Cardedeu","isPartOf":{"@id":"https:\/\/www.clinicavetland.es\/#website"},"primaryImageOfPage":{"@id":"https:\/\/www.clinicavetland.es\/precauciones-para-un-dia-de-montana-con-nuestro-perro\/#primaryimage"},"image":{"@id":"https:\/\/www.clinicavetland.es\/precauciones-para-un-dia-de-montana-con-nuestro-perro\/#primaryimage"},"thumbnailUrl":"https:\/\/www.clinicavetland.es\/wp-content\/uploads\/2018\/06\/21-bernese-mountain-dog-1696445_1920.jpg","datePublished":"2016-11-18T12:08:47+00:00","dateModified":"2023-02-27T10:03:09+00:00","description":"Desde Vetland os queremos recordar una serie de precauciones a seguir para que tanto nosotros como nuestra mascota disfrutemos de la monta\u00f1a.","breadcrumb":{"@id":"https:\/\/www.clinicavetland.es\/precauciones-para-un-dia-de-montana-con-nuestro-perro\/#breadcrumb"},"inLanguage":"ca","potentialAction":[{"@type":"ReadAction","target":["https:\/\/www.clinicavetland.es\/precauciones-para-un-dia-de-montana-con-nuestro-perro\/"]}]},{"@type":"ImageObject","inLanguage":"ca","@id":"https:\/\/www.clinicavetland.es\/precauciones-para-un-dia-de-montana-con-nuestro-perro\/#primaryimage","url":"https:\/\/www.clinicavetland.es\/wp-content\/uploads\/2018\/06\/21-bernese-mountain-dog-1696445_1920.jpg","contentUrl":"https:\/\/www.clinicavetland.es\/wp-content\/uploads\/2018\/06\/21-bernese-mountain-dog-1696445_1920.jpg","width":450,"height":300},{"@type":"BreadcrumbList","@id":"https:\/\/www.clinicavetland.es\/precauciones-para-un-dia-de-montana-con-nuestro-perro\/#breadcrumb","itemListElement":[{"@type":"ListItem","position":1,"name":"Portada","item":"https:\/\/www.clinicavetland.es\/"},{"@type":"ListItem","position":2,"name":"Precauciones para un d\u00eda de monta\u00f1a con nuestro perro"}]},{"@type":"WebSite","@id":"https:\/\/www.clinicavetland.es\/#website","url":"https:\/\/www.clinicavetland.es\/","name":"Cl\u00ednica Vetland","description":"Dejamos huella","publisher":{"@id":"https:\/\/www.clinicavetland.es\/#organization"},"potentialAction":[{"@type":"SearchAction","target":{"@type":"EntryPoint","urlTemplate":"https:\/\/www.clinicavetland.es\/?s={search_term_string}"},"query-input":{"@type":"PropertyValueSpecification","valueRequired":true,"valueName":"search_term_string"}}],"inLanguage":"ca"},{"@type":"Organization","@id":"https:\/\/www.clinicavetland.es\/#organization","name":"Cl\u00ednica Vetland","url":"https:\/\/www.clinicavetland.es\/","logo":{"@type":"ImageObject","inLanguage":"ca","@id":"https:\/\/www.clinicavetland.es\/#\/schema\/logo\/image\/","url":"https:\/\/www.clinicavetland.es\/wp-content\/uploads\/2020\/03\/Logotipo-Vetland-color.png","contentUrl":"https:\/\/www.clinicavetland.es\/wp-content\/uploads\/2020\/03\/Logotipo-Vetland-color.png","width":1001,"height":392,"caption":"Cl\u00ednica Vetland"},"image":{"@id":"https:\/\/www.clinicavetland.es\/#\/schema\/logo\/image\/"},"sameAs":["https:\/\/www.facebook.com\/especialidadesveterinariasvetland","https:\/\/instagram.com\/vetland_\/","https:\/\/linkedin.com\/company\/clinicavetland"]},{"@type":"Person","@id":"https:\/\/www.clinicavetland.es\/#\/schema\/person\/aa9a0b1f5b1388b03ee8e45242cce573","name":"Cl\u00ednicas Veterinarias Vetland","image":{"@type":"ImageObject","inLanguage":"ca","@id":"https:\/\/www.clinicavetland.es\/#\/schema\/person\/image\/","url":"https:\/\/secure.gravatar.com\/avatar\/37da9a49fd3fee4cb266e871f1d886825f3935c0b22030c0ffd2689253f156bd?s=96&d=mm&r=g","contentUrl":"https:\/\/secure.gravatar.com\/avatar\/37da9a49fd3fee4cb266e871f1d886825f3935c0b22030c0ffd2689253f156bd?s=96&d=mm&r=g","caption":"Cl\u00ednicas Veterinarias Vetland"}}]}},"_links":{"self":[{"href":"https:\/\/www.clinicavetland.es\/ca\/wp-json\/wp\/v2\/posts\/1331","targetHints":{"allow":["GET"]}}],"collection":[{"href":"https:\/\/www.clinicavetland.es\/ca\/wp-json\/wp\/v2\/posts"}],"about":[{"href":"https:\/\/www.clinicavetland.es\/ca\/wp-json\/wp\/v2\/types\/post"}],"author":[{"embeddable":true,"href":"https:\/\/www.clinicavetland.es\/ca\/wp-json\/wp\/v2\/users\/12"}],"replies":[{"embeddable":true,"href":"https:\/\/www.clinicavetland.es\/ca\/wp-json\/wp\/v2\/comments?post=1331"}],"version-history":[{"count":6,"href":"https:\/\/www.clinicavetland.es\/ca\/wp-json\/wp\/v2\/posts\/1331\/revisions"}],"predecessor-version":[{"id":1356,"href":"https:\/\/www.clinicavetland.es\/ca\/wp-json\/wp\/v2\/posts\/1331\/revisions\/1356"}],"wp:featuredmedia":[{"embeddable":true,"href":"https:\/\/www.clinicavetland.es\/ca\/wp-json\/wp\/v2\/media\/2638"}],"wp:attachment":[{"href":"https:\/\/www.clinicavetland.es\/ca\/wp-json\/wp\/v2\/media?parent=1331"}],"wp:term":[{"taxonomy":"category","embeddable":true,"href":"https:\/\/www.clinicavetland.es\/ca\/wp-json\/wp\/v2\/categories?post=1331"},{"taxonomy":"post_tag","embeddable":true,"href":"https:\/\/www.clinicavetland.es\/ca\/wp-json\/wp\/v2\/tags?post=1331"}],"curies":[{"name":"wp","href":"https:\/\/api.w.org\/{rel}","templated":true}]}}